
{"id":1593,"date":"2016-08-25T11:47:20","date_gmt":"2016-08-25T14:47:20","guid":{"rendered":"http:\/\/cursos.unipampa.edu.br\/cursos\/ppgcb\/?p=1593"},"modified":"2016-08-25T11:47:20","modified_gmt":"2016-08-25T14:47:20","slug":"exame-de-proficiencia-em-lingua-espanhola-da-unipampa-edicao-2016","status":"publish","type":"post","link":"https:\/\/cursos.unipampa.edu.br\/cursos\/ppgcb\/es\/2016\/08\/25\/exame-de-proficiencia-em-lingua-espanhola-da-unipampa-edicao-2016\/","title":{"rendered":"Exame de Profici\u00eancia em L\u00edngua Espanhola da Unipampa &#8211; edi\u00e7\u00e3o 2016"},"content":{"rendered":"<p>est\u00e1 aberto o edital de inscri\u00e7\u00e3o para realiza\u00e7\u00e3o do Exame de Profici\u00eancia em L\u00edngua Espanhola da Unipampa, edi\u00e7\u00e3o 2016.<\/p>\n<div>\n<p>O per\u00edodo de inscri\u00e7\u00f5es \u00e9 de <b>01 a 21 de setembro de 2016<\/b> e podem inscrever-se:<\/p>\n<ul>\n<li>Alunos regulares dos programas de P\u00f3s-Gradua\u00e7\u00e3o da Universidade Federal do Pampa \u2013 UNIPAMPA, regularmente matriculados em 2016.<\/li>\n<li>Graduandos da Unipampa, com previs\u00e3o de conclus\u00e3o da gradua\u00e7\u00e3o no 2\u00ba semestre\/2016 e devidamente matriculados<\/li>\n<li>Egressos dos cursos de gradua\u00e7\u00e3o da Unipampa<\/li>\n<li>Egressos dos cursos de gradua\u00e7\u00e3o de outras Institui\u00e7\u00f5es de Ensino Superior<\/li>\n<li>Servidores da Unipampa (docentes e t\u00e9cnico-administrativos)<\/li>\n<\/ul>\n<p>Link com <a href=\"https:\/\/unipampa.edu.br\/portal\/sites\/default\/files\/documentos\/edital_205-2016_proeficiencia_lingua_espanhola.pdf\" target=\"_blank\">Edital Completo<\/a><\/p>\n<\/div>\n","protected":false},"excerpt":{"rendered":"<p>est\u00e1 aberto o edital de inscri\u00e7\u00e3o para realiza\u00e7\u00e3o do Exame de Profici\u00eancia em L\u00edngua Espanhola da Unipampa, edi\u00e7\u00e3o 2016. O per\u00edodo de inscri\u00e7\u00f5es \u00e9 de 01 a 21 de setembro de 2016 e podem inscrever-se: Alunos regulares dos programas de P\u00f3s-Gradua\u00e7\u00e3o da Universidade Federal do Pampa \u2013 UNIPAMPA, regularmente matriculados em 2016. Graduandos da Unipampa, &hellip; <a href=\"https:\/\/cursos.unipampa.edu.br\/cursos\/ppgcb\/es\/2016\/08\/25\/exame-de-proficiencia-em-lingua-espanhola-da-unipampa-edicao-2016\/\" class=\"more-link\">Continue reading <span class=\"screen-reader-text\">Exame de Profici\u00eancia em L\u00edngua Espanhola da Unipampa &#8211; edi\u00e7\u00e3o 2016<\/span> <span class=\"meta-nav\">&rarr;<\/span><\/a><\/p>\n","protected":false},"author":297,"featured_media":0,"comment_status":"closed","ping_status":"closed","sticky":false,"template":"","format":"standard","meta":[],"categories":[356,374],"tags":[],"_links":{"self":[{"href":"https:\/\/cursos.unipampa.edu.br\/cursos\/ppgcb\/es\/wp-json\/wp\/v2\/posts\/1593"}],"collection":[{"href":"https:\/\/cursos.unipampa.edu.br\/cursos\/ppgcb\/es\/wp-json\/wp\/v2\/posts"}],"about":[{"href":"https:\/\/cursos.unipampa.edu.br\/cursos\/ppgcb\/es\/wp-json\/wp\/v2\/types\/post"}],"author":[{"embeddable":true,"href":"https:\/\/cursos.unipampa.edu.br\/cursos\/ppgcb\/es\/wp-json\/wp\/v2\/users\/297"}],"replies":[{"embeddable":true,"href":"https:\/\/cursos.unipampa.edu.br\/cursos\/ppgcb\/es\/wp-json\/wp\/v2\/comments?post=1593"}],"version-history":[{"count":1,"href":"https:\/\/cursos.unipampa.edu.br\/cursos\/ppgcb\/es\/wp-json\/wp\/v2\/posts\/1593\/revisions"}],"predecessor-version":[{"id":1594,"href":"https:\/\/cursos.unipampa.edu.br\/cursos\/ppgcb\/es\/wp-json\/wp\/v2\/posts\/1593\/revisions\/1594"}],"wp:attachment":[{"href":"https:\/\/cursos.unipampa.edu.br\/cursos\/ppgcb\/es\/wp-json\/wp\/v2\/media?parent=1593"}],"wp:term":[{"taxonomy":"category","embeddable":true,"href":"https:\/\/cursos.unipampa.edu.br\/cursos\/ppgcb\/es\/wp-json\/wp\/v2\/categories?post=1593"},{"taxonomy":"post_tag","embeddable":true,"href":"https:\/\/cursos.unipampa.edu.br\/cursos\/ppgcb\/es\/wp-json\/wp\/v2\/tags?post=1593"}],"curies":[{"name":"wp","href":"https:\/\/api.w.org\/{rel}","templated":true}]}}